{"id":3675,"date":"2013-07-11T00:00:00","date_gmt":"2013-07-10T22:00:00","guid":{"rendered":"http:\/\/www.safram.com\/?p=3675"},"modified":"2019-12-11T17:39:51","modified_gmt":"2019-12-11T16:39:51","slug":"podestplatz-fuer-safram-auf-der-75-bol-dor-mirabaud-2013-in-genf","status":"publish","type":"post","link":"https:\/\/www.safram.com\/de\/podestplatz-fuer-safram-auf-der-75-bol-dor-mirabaud-2013-in-genf\/","title":{"rendered":"Podestplatz f\u00fcr Safram auf der 75. Bol d&#8217;Or Mirabaud 2013 in Genf!"},"content":{"rendered":"<p>Die SAFRAM-Yacht unter der F\u00fchrung von Skipper Antoine Lauriot Prevost beendete die Regatta als zweite in der M2 Mehrrumpf-Klasse und auf dem 11. Platz in der Gesamtwertung. Dies war eine aussergew\u00f6hnliche Leistung anl\u00e4sslich der weltgr\u00f6ssten S\u00fcsswasser-Regatta, die in diesem Jahr mehr als 3,000 Teilnehmer und 509 registrierte Yachten anzog, von denen 336 die Ziellinie erreichten.<\/p>\n<p>Die Bol d&#8217;Or (\u201cGoldene Schale\u201d), erstmals 1939 ausgetragen, wird j\u00e4hrlich im Juni auf dem Genfer See gesegelt. Heute ist die Regatta eine Institution des Segelsports, auf der sich die besten Schweizer und ausl\u00e4ndischen Crews insbesondere unter der Flagge von Unternehmen des Kantons messen. Dabei muss die gesamte L\u00e4nge des Sees \u00fcber eine Distanz von 66,5 Meilen oder ca. 107 km gesegelt werden.<\/p>\n<p>Nach einem schwierigen Rennen \u00fcberquerte das SAFRAM-Boot die Ziellinie kurz nach Mitternacht, in zweiter Position und nur knappe 53 Sekunden hinter der Yacht von TeamWork \u2013 nach einer Segelzeit von gesamthaft 14 Stunden und 34 Minuten.<br \/>\nDie Wetterbedingungen kamen intuitiven Steuerleuten auf dieser langen, nervenraubenden und strapazi\u00f6sen Strecke entgegen, da unberechenbare Winde herrschten.<\/p>\n<p><img loading=\"lazy\" decoding=\"async\" class=\"alignnone size-medium wp-image-387\" title=\"safram-boldor-2013-02\" src=\"https:\/\/saframnews.test\/wp-content\/uploads\/2013\/07\/safram-boldor-2013-021-600x399.jpg\" alt=\"\" width=\"600\" height=\"399\" \/><\/p>\n<p>W\u00e4hrend des gesamten Rennens vermochte sich die vierk\u00f6pfige Crew des Katamarans von SAFRAM in der Spitzengruppe zu halten und fiel w\u00e4hrend der R\u00fcckfahrt nie mehr als 50 m hinter dem f\u00fchrende Boot von TeamWork zur\u00fcck. Das war eine aussergew\u00f6hnliche Leistung, auch wenn der Sieg knapp verfehlt wurde!<\/p>\n<p>Unsere Gl\u00fcckw\u00fcnsche gehen an Antoine und seine Crew, die das ganze SAFRAM-Team durch ihren zweiten Platz auf diesem begehrten Podium mit Stolz erf\u00fcllt haben. Wir freuen uns aufs n\u00e4chste Jahr und w\u00fcnschen Euch Mast- und Schotbruch!<\/p>\n<h3>M2 Rangliste (Registrierte Boote der M2 Speed Tour) des Bol d&#8217;Or Mirabaud<\/h3>\n<ol>\n<li>TeamWork<\/li>\n<li>Safram<\/li>\n<li>GSMN Genolier<\/li>\n<li>Valruz Cr\u00e9ation<\/li>\n<li>75e Bol d\u2019Or Mirabaud<\/li>\n<li>Patrimonium<\/li>\n<li>Team Parmigiani<\/li>\n<li>Tilt<\/li>\n<li>SPAM<\/li>\n<li>Jobup.ch<\/li>\n<li>CelsiusPro<\/li>\n<li>Swiff<\/li>\n<li>Gouzer Huitres<\/li>\n<\/ol>\n<p>(Rangliste von 20 Platzierten)<\/p>\n<p>Sie finden mehr \u00fcber den Bol d&#8217;Or Mirabaud unter<br \/>\n<a href=\" http:\/\/www.boldormirabaud.com\/\"> http:\/\/www.boldormirabaud.com\/<\/a><\/p>\n","protected":false},"excerpt":{"rendered":"<p>Die SAFRAM-Yacht unter der F\u00fchrung von Skipper Antoine Lauriot Prevost beendete die Regatta als zweite in der M2 Mehrrumpf-Klasse und auf dem 11. Platz in der<span class=\"excerpt-hellip\"> [\u2026]<\/span><\/p>\n","protected":false},"author":1,"featured_media":2195,"comment_status":"open","ping_status":"open","sticky":false,"template":"","format":"standard","meta":{"_acf_changed":false,"footnotes":""},"categories":[86],"tags":[],"class_list":["post-3675","post","type-post","status-publish","format-standard","has-post-thumbnail","hentry","category-verschiedenes"],"acf":[],"yoast_head":"<!-- This site is optimized with the Yoast SEO plugin v27.3 - https:\/\/yoast.com\/product\/yoast-seo-wordpress\/ -->\n<title>Podestplatz f\u00fcr Safram auf der 75. Bol d&#039;Or Mirabaud 2013 in Genf! - Safram<\/title>\n<meta name=\"robots\" content=\"index, follow, max-snippet:-1, max-image-preview:large, max-video-preview:-1\" \/>\n<link rel=\"canonical\" href=\"https:\/\/www.safram.com\/de\/podestplatz-fuer-safram-auf-der-75-bol-dor-mirabaud-2013-in-genf\/\" \/>\n<meta property=\"og:locale\" content=\"de_DE\" \/>\n<meta property=\"og:type\" content=\"article\" \/>\n<meta property=\"og:title\" content=\"Podestplatz f\u00fcr Safram auf der 75. Bol d&#039;Or Mirabaud 2013 in Genf! - Safram\" \/>\n<meta property=\"og:description\" content=\"Die SAFRAM-Yacht unter der F\u00fchrung von Skipper Antoine Lauriot Prevost beendete die Regatta als zweite in der M2 Mehrrumpf-Klasse und auf dem 11. Platz in der [\u2026]\" \/>\n<meta property=\"og:url\" content=\"https:\/\/www.safram.com\/de\/podestplatz-fuer-safram-auf-der-75-bol-dor-mirabaud-2013-in-genf\/\" \/>\n<meta property=\"og:site_name\" content=\"Safram\" \/>\n<meta property=\"article:publisher\" content=\"https:\/\/www.facebook.com\/SaframFrance\" \/>\n<meta property=\"article:published_time\" content=\"2013-07-10T22:00:00+00:00\" \/>\n<meta property=\"article:modified_time\" content=\"2019-12-11T16:39:51+00:00\" \/>\n<meta property=\"og:image\" content=\"https:\/\/www.safram.com\/wp-content\/uploads\/2019\/12\/safram-boldor-2013-01-1.jpg\" \/>\n\t<meta property=\"og:image:width\" content=\"1240\" \/>\n\t<meta property=\"og:image:height\" content=\"826\" \/>\n\t<meta property=\"og:image:type\" content=\"image\/jpeg\" \/>\n<meta name=\"author\" content=\"symediane\" \/>\n<meta name=\"twitter:card\" content=\"summary_large_image\" \/>\n<meta name=\"twitter:label1\" content=\"Verfasst von\" \/>\n\t<meta name=\"twitter:data1\" content=\"symediane\" \/>\n\t<meta name=\"twitter:label2\" content=\"Gesch\u00e4tzte Lesezeit\" \/>\n\t<meta name=\"twitter:data2\" content=\"2\u00a0Minuten\" \/>\n<script type=\"application\/ld+json\" class=\"yoast-schema-graph\">{\"@context\":\"https:\\\/\\\/schema.org\",\"@graph\":[{\"@type\":\"Article\",\"@id\":\"https:\\\/\\\/www.safram.com\\\/de\\\/podestplatz-fuer-safram-auf-der-75-bol-dor-mirabaud-2013-in-genf\\\/#article\",\"isPartOf\":{\"@id\":\"https:\\\/\\\/www.safram.com\\\/de\\\/podestplatz-fuer-safram-auf-der-75-bol-dor-mirabaud-2013-in-genf\\\/\"},\"author\":{\"name\":\"symediane\",\"@id\":\"https:\\\/\\\/www.safram.com\\\/de\\\/#\\\/schema\\\/person\\\/5d3385f3956391d02bb98501605b1e39\"},\"headline\":\"Podestplatz f\u00fcr Safram auf der 75. Bol d&#8217;Or Mirabaud 2013 in Genf!\",\"datePublished\":\"2013-07-10T22:00:00+00:00\",\"dateModified\":\"2019-12-11T16:39:51+00:00\",\"mainEntityOfPage\":{\"@id\":\"https:\\\/\\\/www.safram.com\\\/de\\\/podestplatz-fuer-safram-auf-der-75-bol-dor-mirabaud-2013-in-genf\\\/\"},\"wordCount\":328,\"commentCount\":0,\"publisher\":{\"@id\":\"https:\\\/\\\/www.safram.com\\\/de\\\/#organization\"},\"image\":{\"@id\":\"https:\\\/\\\/www.safram.com\\\/de\\\/podestplatz-fuer-safram-auf-der-75-bol-dor-mirabaud-2013-in-genf\\\/#primaryimage\"},\"thumbnailUrl\":\"https:\\\/\\\/www.safram.com\\\/wp-content\\\/uploads\\\/2019\\\/12\\\/safram-boldor-2013-01-1.jpg\",\"articleSection\":[\"Verschiedenes\"],\"inLanguage\":\"de\"},{\"@type\":\"WebPage\",\"@id\":\"https:\\\/\\\/www.safram.com\\\/de\\\/podestplatz-fuer-safram-auf-der-75-bol-dor-mirabaud-2013-in-genf\\\/\",\"url\":\"https:\\\/\\\/www.safram.com\\\/de\\\/podestplatz-fuer-safram-auf-der-75-bol-dor-mirabaud-2013-in-genf\\\/\",\"name\":\"Podestplatz f\u00fcr Safram auf der 75. Bol d'Or Mirabaud 2013 in Genf! - Safram\",\"isPartOf\":{\"@id\":\"https:\\\/\\\/www.safram.com\\\/de\\\/#website\"},\"primaryImageOfPage\":{\"@id\":\"https:\\\/\\\/www.safram.com\\\/de\\\/podestplatz-fuer-safram-auf-der-75-bol-dor-mirabaud-2013-in-genf\\\/#primaryimage\"},\"image\":{\"@id\":\"https:\\\/\\\/www.safram.com\\\/de\\\/podestplatz-fuer-safram-auf-der-75-bol-dor-mirabaud-2013-in-genf\\\/#primaryimage\"},\"thumbnailUrl\":\"https:\\\/\\\/www.safram.com\\\/wp-content\\\/uploads\\\/2019\\\/12\\\/safram-boldor-2013-01-1.jpg\",\"datePublished\":\"2013-07-10T22:00:00+00:00\",\"dateModified\":\"2019-12-11T16:39:51+00:00\",\"breadcrumb\":{\"@id\":\"https:\\\/\\\/www.safram.com\\\/de\\\/podestplatz-fuer-safram-auf-der-75-bol-dor-mirabaud-2013-in-genf\\\/#breadcrumb\"},\"inLanguage\":\"de\",\"potentialAction\":[{\"@type\":\"ReadAction\",\"target\":[\"https:\\\/\\\/www.safram.com\\\/de\\\/podestplatz-fuer-safram-auf-der-75-bol-dor-mirabaud-2013-in-genf\\\/\"]}]},{\"@type\":\"ImageObject\",\"inLanguage\":\"de\",\"@id\":\"https:\\\/\\\/www.safram.com\\\/de\\\/podestplatz-fuer-safram-auf-der-75-bol-dor-mirabaud-2013-in-genf\\\/#primaryimage\",\"url\":\"https:\\\/\\\/www.safram.com\\\/wp-content\\\/uploads\\\/2019\\\/12\\\/safram-boldor-2013-01-1.jpg\",\"contentUrl\":\"https:\\\/\\\/www.safram.com\\\/wp-content\\\/uploads\\\/2019\\\/12\\\/safram-boldor-2013-01-1.jpg\",\"width\":1240,\"height\":826,\"caption\":\"Bol d'or Mirabaud\"},{\"@type\":\"BreadcrumbList\",\"@id\":\"https:\\\/\\\/www.safram.com\\\/de\\\/podestplatz-fuer-safram-auf-der-75-bol-dor-mirabaud-2013-in-genf\\\/#breadcrumb\",\"itemListElement\":[{\"@type\":\"ListItem\",\"position\":1,\"name\":\"Accueil\",\"item\":\"https:\\\/\\\/www.safram.com\\\/de\\\/\"},{\"@type\":\"ListItem\",\"position\":2,\"name\":\"Podestplatz f\u00fcr Safram auf der 75. Bol d&#8217;Or Mirabaud 2013 in Genf!\"}]},{\"@type\":\"WebSite\",\"@id\":\"https:\\\/\\\/www.safram.com\\\/de\\\/#website\",\"url\":\"https:\\\/\\\/www.safram.com\\\/de\\\/\",\"name\":\"Safram\",\"description\":\"Transporteur au coeur de l&#039;Europe\",\"publisher\":{\"@id\":\"https:\\\/\\\/www.safram.com\\\/de\\\/#organization\"},\"potentialAction\":[{\"@type\":\"SearchAction\",\"target\":{\"@type\":\"EntryPoint\",\"urlTemplate\":\"https:\\\/\\\/www.safram.com\\\/de\\\/?s={search_term_string}\"},\"query-input\":{\"@type\":\"PropertyValueSpecification\",\"valueRequired\":true,\"valueName\":\"search_term_string\"}}],\"inLanguage\":\"de\"},{\"@type\":\"Organization\",\"@id\":\"https:\\\/\\\/www.safram.com\\\/de\\\/#organization\",\"name\":\"Safram\",\"url\":\"https:\\\/\\\/www.safram.com\\\/de\\\/\",\"logo\":{\"@type\":\"ImageObject\",\"inLanguage\":\"de\",\"@id\":\"https:\\\/\\\/www.safram.com\\\/de\\\/#\\\/schema\\\/logo\\\/image\\\/\",\"url\":\"https:\\\/\\\/www-test.safram.com\\\/wp-content\\\/uploads\\\/2019\\\/12\\\/SAFRAM-LOGO.jpg\",\"contentUrl\":\"https:\\\/\\\/www-test.safram.com\\\/wp-content\\\/uploads\\\/2019\\\/12\\\/SAFRAM-LOGO.jpg\",\"width\":567,\"height\":422,\"caption\":\"Safram\"},\"image\":{\"@id\":\"https:\\\/\\\/www.safram.com\\\/de\\\/#\\\/schema\\\/logo\\\/image\\\/\"},\"sameAs\":[\"https:\\\/\\\/www.facebook.com\\\/SaframFrance\"]},{\"@type\":\"Person\",\"@id\":\"https:\\\/\\\/www.safram.com\\\/de\\\/#\\\/schema\\\/person\\\/5d3385f3956391d02bb98501605b1e39\",\"name\":\"symediane\",\"image\":{\"@type\":\"ImageObject\",\"inLanguage\":\"de\",\"@id\":\"https:\\\/\\\/secure.gravatar.com\\\/avatar\\\/aefaa550902b15b2c9beefb2a61934066e2a80665a770df239dcf4ea3547192c?s=96&d=mm&r=g\",\"url\":\"https:\\\/\\\/secure.gravatar.com\\\/avatar\\\/aefaa550902b15b2c9beefb2a61934066e2a80665a770df239dcf4ea3547192c?s=96&d=mm&r=g\",\"contentUrl\":\"https:\\\/\\\/secure.gravatar.com\\\/avatar\\\/aefaa550902b15b2c9beefb2a61934066e2a80665a770df239dcf4ea3547192c?s=96&d=mm&r=g\",\"caption\":\"symediane\"}}]}<\/script>\n<!-- \/ Yoast SEO plugin. -->","yoast_head_json":{"title":"Podestplatz f\u00fcr Safram auf der 75. Bol d'Or Mirabaud 2013 in Genf! - Safram","robots":{"index":"index","follow":"follow","max-snippet":"max-snippet:-1","max-image-preview":"max-image-preview:large","max-video-preview":"max-video-preview:-1"},"canonical":"https:\/\/www.safram.com\/de\/podestplatz-fuer-safram-auf-der-75-bol-dor-mirabaud-2013-in-genf\/","og_locale":"de_DE","og_type":"article","og_title":"Podestplatz f\u00fcr Safram auf der 75. Bol d'Or Mirabaud 2013 in Genf! - Safram","og_description":"Die SAFRAM-Yacht unter der F\u00fchrung von Skipper Antoine Lauriot Prevost beendete die Regatta als zweite in der M2 Mehrrumpf-Klasse und auf dem 11. Platz in der [\u2026]","og_url":"https:\/\/www.safram.com\/de\/podestplatz-fuer-safram-auf-der-75-bol-dor-mirabaud-2013-in-genf\/","og_site_name":"Safram","article_publisher":"https:\/\/www.facebook.com\/SaframFrance","article_published_time":"2013-07-10T22:00:00+00:00","article_modified_time":"2019-12-11T16:39:51+00:00","og_image":[{"width":1240,"height":826,"url":"https:\/\/www.safram.com\/wp-content\/uploads\/2019\/12\/safram-boldor-2013-01-1.jpg","type":"image\/jpeg"}],"author":"symediane","twitter_card":"summary_large_image","twitter_misc":{"Verfasst von":"symediane","Gesch\u00e4tzte Lesezeit":"2\u00a0Minuten"},"schema":{"@context":"https:\/\/schema.org","@graph":[{"@type":"Article","@id":"https:\/\/www.safram.com\/de\/podestplatz-fuer-safram-auf-der-75-bol-dor-mirabaud-2013-in-genf\/#article","isPartOf":{"@id":"https:\/\/www.safram.com\/de\/podestplatz-fuer-safram-auf-der-75-bol-dor-mirabaud-2013-in-genf\/"},"author":{"name":"symediane","@id":"https:\/\/www.safram.com\/de\/#\/schema\/person\/5d3385f3956391d02bb98501605b1e39"},"headline":"Podestplatz f\u00fcr Safram auf der 75. Bol d&#8217;Or Mirabaud 2013 in Genf!","datePublished":"2013-07-10T22:00:00+00:00","dateModified":"2019-12-11T16:39:51+00:00","mainEntityOfPage":{"@id":"https:\/\/www.safram.com\/de\/podestplatz-fuer-safram-auf-der-75-bol-dor-mirabaud-2013-in-genf\/"},"wordCount":328,"commentCount":0,"publisher":{"@id":"https:\/\/www.safram.com\/de\/#organization"},"image":{"@id":"https:\/\/www.safram.com\/de\/podestplatz-fuer-safram-auf-der-75-bol-dor-mirabaud-2013-in-genf\/#primaryimage"},"thumbnailUrl":"https:\/\/www.safram.com\/wp-content\/uploads\/2019\/12\/safram-boldor-2013-01-1.jpg","articleSection":["Verschiedenes"],"inLanguage":"de"},{"@type":"WebPage","@id":"https:\/\/www.safram.com\/de\/podestplatz-fuer-safram-auf-der-75-bol-dor-mirabaud-2013-in-genf\/","url":"https:\/\/www.safram.com\/de\/podestplatz-fuer-safram-auf-der-75-bol-dor-mirabaud-2013-in-genf\/","name":"Podestplatz f\u00fcr Safram auf der 75. Bol d'Or Mirabaud 2013 in Genf! - Safram","isPartOf":{"@id":"https:\/\/www.safram.com\/de\/#website"},"primaryImageOfPage":{"@id":"https:\/\/www.safram.com\/de\/podestplatz-fuer-safram-auf-der-75-bol-dor-mirabaud-2013-in-genf\/#primaryimage"},"image":{"@id":"https:\/\/www.safram.com\/de\/podestplatz-fuer-safram-auf-der-75-bol-dor-mirabaud-2013-in-genf\/#primaryimage"},"thumbnailUrl":"https:\/\/www.safram.com\/wp-content\/uploads\/2019\/12\/safram-boldor-2013-01-1.jpg","datePublished":"2013-07-10T22:00:00+00:00","dateModified":"2019-12-11T16:39:51+00:00","breadcrumb":{"@id":"https:\/\/www.safram.com\/de\/podestplatz-fuer-safram-auf-der-75-bol-dor-mirabaud-2013-in-genf\/#breadcrumb"},"inLanguage":"de","potentialAction":[{"@type":"ReadAction","target":["https:\/\/www.safram.com\/de\/podestplatz-fuer-safram-auf-der-75-bol-dor-mirabaud-2013-in-genf\/"]}]},{"@type":"ImageObject","inLanguage":"de","@id":"https:\/\/www.safram.com\/de\/podestplatz-fuer-safram-auf-der-75-bol-dor-mirabaud-2013-in-genf\/#primaryimage","url":"https:\/\/www.safram.com\/wp-content\/uploads\/2019\/12\/safram-boldor-2013-01-1.jpg","contentUrl":"https:\/\/www.safram.com\/wp-content\/uploads\/2019\/12\/safram-boldor-2013-01-1.jpg","width":1240,"height":826,"caption":"Bol d'or Mirabaud"},{"@type":"BreadcrumbList","@id":"https:\/\/www.safram.com\/de\/podestplatz-fuer-safram-auf-der-75-bol-dor-mirabaud-2013-in-genf\/#breadcrumb","itemListElement":[{"@type":"ListItem","position":1,"name":"Accueil","item":"https:\/\/www.safram.com\/de\/"},{"@type":"ListItem","position":2,"name":"Podestplatz f\u00fcr Safram auf der 75. Bol d&#8217;Or Mirabaud 2013 in Genf!"}]},{"@type":"WebSite","@id":"https:\/\/www.safram.com\/de\/#website","url":"https:\/\/www.safram.com\/de\/","name":"Safram","description":"Transporteur au coeur de l&#039;Europe","publisher":{"@id":"https:\/\/www.safram.com\/de\/#organization"},"potentialAction":[{"@type":"SearchAction","target":{"@type":"EntryPoint","urlTemplate":"https:\/\/www.safram.com\/de\/?s={search_term_string}"},"query-input":{"@type":"PropertyValueSpecification","valueRequired":true,"valueName":"search_term_string"}}],"inLanguage":"de"},{"@type":"Organization","@id":"https:\/\/www.safram.com\/de\/#organization","name":"Safram","url":"https:\/\/www.safram.com\/de\/","logo":{"@type":"ImageObject","inLanguage":"de","@id":"https:\/\/www.safram.com\/de\/#\/schema\/logo\/image\/","url":"https:\/\/www-test.safram.com\/wp-content\/uploads\/2019\/12\/SAFRAM-LOGO.jpg","contentUrl":"https:\/\/www-test.safram.com\/wp-content\/uploads\/2019\/12\/SAFRAM-LOGO.jpg","width":567,"height":422,"caption":"Safram"},"image":{"@id":"https:\/\/www.safram.com\/de\/#\/schema\/logo\/image\/"},"sameAs":["https:\/\/www.facebook.com\/SaframFrance"]},{"@type":"Person","@id":"https:\/\/www.safram.com\/de\/#\/schema\/person\/5d3385f3956391d02bb98501605b1e39","name":"symediane","image":{"@type":"ImageObject","inLanguage":"de","@id":"https:\/\/secure.gravatar.com\/avatar\/aefaa550902b15b2c9beefb2a61934066e2a80665a770df239dcf4ea3547192c?s=96&d=mm&r=g","url":"https:\/\/secure.gravatar.com\/avatar\/aefaa550902b15b2c9beefb2a61934066e2a80665a770df239dcf4ea3547192c?s=96&d=mm&r=g","contentUrl":"https:\/\/secure.gravatar.com\/avatar\/aefaa550902b15b2c9beefb2a61934066e2a80665a770df239dcf4ea3547192c?s=96&d=mm&r=g","caption":"symediane"}}]}},"_links":{"self":[{"href":"https:\/\/www.safram.com\/de\/wp-json\/wp\/v2\/posts\/3675","targetHints":{"allow":["GET"]}}],"collection":[{"href":"https:\/\/www.safram.com\/de\/wp-json\/wp\/v2\/posts"}],"about":[{"href":"https:\/\/www.safram.com\/de\/wp-json\/wp\/v2\/types\/post"}],"author":[{"embeddable":true,"href":"https:\/\/www.safram.com\/de\/wp-json\/wp\/v2\/users\/1"}],"replies":[{"embeddable":true,"href":"https:\/\/www.safram.com\/de\/wp-json\/wp\/v2\/comments?post=3675"}],"version-history":[{"count":0,"href":"https:\/\/www.safram.com\/de\/wp-json\/wp\/v2\/posts\/3675\/revisions"}],"wp:featuredmedia":[{"embeddable":true,"href":"https:\/\/www.safram.com\/de\/wp-json\/wp\/v2\/media\/2195"}],"wp:attachment":[{"href":"https:\/\/www.safram.com\/de\/wp-json\/wp\/v2\/media?parent=3675"}],"wp:term":[{"taxonomy":"category","embeddable":true,"href":"https:\/\/www.safram.com\/de\/wp-json\/wp\/v2\/categories?post=3675"},{"taxonomy":"post_tag","embeddable":true,"href":"https:\/\/www.safram.com\/de\/wp-json\/wp\/v2\/tags?post=3675"}],"curies":[{"name":"wp","href":"https:\/\/api.w.org\/{rel}","templated":true}]}}