{"id":3695,"date":"2015-06-15T00:00:00","date_gmt":"2015-06-14T22:00:00","guid":{"rendered":"http:\/\/www.safram.com\/?p=3695"},"modified":"2019-12-11T17:39:51","modified_gmt":"2019-12-11T16:39:51","slug":"zum-50-firmenjubilaeum-steht-safram-auf-dem-hoechsten-niveau-des-europaeischen-segelsports","status":"publish","type":"post","link":"https:\/\/www.safram.com\/de\/zum-50-firmenjubilaeum-steht-safram-auf-dem-hoechsten-niveau-des-europaeischen-segelsports\/","title":{"rendered":"Zum 50. Firmenjubil\u00e4um steht Safram auf dem h\u00f6chsten Niveau des europ\u00e4ischen Segelsports !"},"content":{"rendered":"<p><strong>Safram schickt in dieses neue Grossprojekt seinen Katamaran Ventilo M1, ein Mehrrumpfboot, unter dem Taufnamen Safram (SUI 50) auf den renommiertesten Regatten auf Langstrecke in Europa ins Rennen. <\/strong><\/p>\n<p>Unser Katamaran, ein 35-Fuss langes Mehrrumpfboot der technologischen Spitzenklasse, ist mit seinem Sieg an der \u00abGeneva-Rolle-Geneva\u00bb gut in die Saison gestartet. Wir hoffen, dass unser Team an den Regatten Bol d&#8217;Or Mirabaud auf dem Genfer See im Juni, der Blue Ribbon (K\u00e9kszalag) auf dem Balaton in Ungarn im Juli und schliesslich am Trofeo Gorla und dem Centomiglia auf dem Gardasee in Italien im August und September ebenso erfolgreich sein wird.<\/p>\n<p>Mit diesem Projekt, das zu 100 Prozent von Amateuren getragen wird, unterst\u00fctzt unser Skipper Rodolphe Gautier unseren Einsatz, um den Ruf des Schweizer Segelsports in einer Reihe von hart umk\u00e4mpften europ\u00e4ischen Wettbewerben zu verteidigen.<br \/>\nZus\u00e4tzlich sind die ureigenen Kompetenzen von Safram gefragt, denn Transport und Lagerung des Bootes erfolgen in einem speziell von unseren Technik- und Logistik-Teams vorbereiteten Trailer.<\/p>\n<p>In diesem Jahre begeht Safram den 50. Jahrestag seit seiner Gr\u00fcndung. Diesen Katamaran mit unserem Namen zu sponsern, er\u00f6ffnet uns die grossartige Gelegenheit, unsere Marke in das europ\u00e4ische Umfeld zu tragen, das unsere gesch\u00e4ftlichen Ambitionen widerspiegelt. Das Magazin L&#8217;Hebdo ist Medienpartner unseres Bootes, das unter den Farben des Genfer Segelclubs, der Soci\u00e9t\u00e9 Nautique de Gen\u00e8ve, ins Rennen geht.<\/p>\n<p><a href=\"https:\/\/www.facebook.com\/SaframSailing?fref=ts\" target=\"_blank\" rel=\"noopener noreferrer\"><img loading=\"lazy\" decoding=\"async\" class=\" wp-image-1172 alignnone\" style=\"float: left; margin-right: 10px;\" src=\"http:\/\/www.safram.com\/wp-content\/uploads\/2019\/12\/facebooklogo-20120529T234247-2pb8sbl.jpg\" alt=\"facebook SAFRAM Sailing\" width=\"29\" height=\"29\" \/><\/a><a style=\"margin-top: 10px; display: block;\" href=\"https:\/\/www.facebook.com\/SaframSailing?fref=ts\" target=\"_blank\" rel=\"noopener noreferrer\">Safram Sailing<\/a><\/p>\n","protected":false},"excerpt":{"rendered":"<p>Safram schickt in dieses neue Grossprojekt seinen Katamaran Ventilo M1, ein Mehrrumpfboot, unter dem Taufnamen Safram (SUI 50) auf den renommiertesten Regatten auf Langstrecke in Europa<span class=\"excerpt-hellip\"> [\u2026]<\/span><\/p>\n","protected":false},"author":1,"featured_media":2305,"comment_status":"open","ping_status":"open","sticky":false,"template":"","format":"standard","meta":{"_acf_changed":false,"footnotes":""},"categories":[86],"tags":[106],"class_list":["post-3695","post","type-post","status-publish","format-standard","has-post-thumbnail","hentry","category-verschiedenes","tag-europaeischen-segelsports-de"],"acf":[],"yoast_head":"<!-- This site is optimized with the Yoast SEO plugin v27.3 - https:\/\/yoast.com\/product\/yoast-seo-wordpress\/ -->\n<title>Zum 50. Firmenjubil\u00e4um steht Safram auf dem h\u00f6chsten Niveau des europ\u00e4ischen Segelsports ! - Safram<\/title>\n<meta name=\"robots\" content=\"index, follow, max-snippet:-1, max-image-preview:large, max-video-preview:-1\" \/>\n<link rel=\"canonical\" href=\"https:\/\/www.safram.com\/de\/zum-50-firmenjubilaeum-steht-safram-auf-dem-hoechsten-niveau-des-europaeischen-segelsports\/\" \/>\n<meta property=\"og:locale\" content=\"de_DE\" \/>\n<meta property=\"og:type\" content=\"article\" \/>\n<meta property=\"og:title\" content=\"Zum 50. Firmenjubil\u00e4um steht Safram auf dem h\u00f6chsten Niveau des europ\u00e4ischen Segelsports ! - Safram\" \/>\n<meta property=\"og:description\" content=\"Safram schickt in dieses neue Grossprojekt seinen Katamaran Ventilo M1, ein Mehrrumpfboot, unter dem Taufnamen Safram (SUI 50) auf den renommiertesten Regatten auf Langstrecke in Europa [\u2026]\" \/>\n<meta property=\"og:url\" content=\"https:\/\/www.safram.com\/de\/zum-50-firmenjubilaeum-steht-safram-auf-dem-hoechsten-niveau-des-europaeischen-segelsports\/\" \/>\n<meta property=\"og:site_name\" content=\"Safram\" \/>\n<meta property=\"article:publisher\" content=\"https:\/\/www.facebook.com\/SaframFrance\" \/>\n<meta property=\"article:published_time\" content=\"2015-06-14T22:00:00+00:00\" \/>\n<meta property=\"article:modified_time\" content=\"2019-12-11T16:39:51+00:00\" \/>\n<meta property=\"og:image\" content=\"https:\/\/www.safram.com\/wp-content\/uploads\/2019\/12\/SAFRAM-au-plus-haut-niveau-de-la-voile-europeenne-1.jpg\" \/>\n\t<meta property=\"og:image:width\" content=\"1000\" \/>\n\t<meta property=\"og:image:height\" content=\"667\" \/>\n\t<meta property=\"og:image:type\" content=\"image\/jpeg\" \/>\n<meta name=\"author\" content=\"symediane\" \/>\n<meta name=\"twitter:card\" content=\"summary_large_image\" \/>\n<meta name=\"twitter:label1\" content=\"Verfasst von\" \/>\n\t<meta name=\"twitter:data1\" content=\"symediane\" \/>\n\t<meta name=\"twitter:label2\" content=\"Gesch\u00e4tzte Lesezeit\" \/>\n\t<meta name=\"twitter:data2\" content=\"1\u00a0Minute\" \/>\n<script type=\"application\/ld+json\" class=\"yoast-schema-graph\">{\"@context\":\"https:\\\/\\\/schema.org\",\"@graph\":[{\"@type\":\"Article\",\"@id\":\"https:\\\/\\\/www.safram.com\\\/de\\\/zum-50-firmenjubilaeum-steht-safram-auf-dem-hoechsten-niveau-des-europaeischen-segelsports\\\/#article\",\"isPartOf\":{\"@id\":\"https:\\\/\\\/www.safram.com\\\/de\\\/zum-50-firmenjubilaeum-steht-safram-auf-dem-hoechsten-niveau-des-europaeischen-segelsports\\\/\"},\"author\":{\"name\":\"symediane\",\"@id\":\"https:\\\/\\\/www.safram.com\\\/de\\\/#\\\/schema\\\/person\\\/5d3385f3956391d02bb98501605b1e39\"},\"headline\":\"Zum 50. Firmenjubil\u00e4um steht Safram auf dem h\u00f6chsten Niveau des europ\u00e4ischen Segelsports !\",\"datePublished\":\"2015-06-14T22:00:00+00:00\",\"dateModified\":\"2019-12-11T16:39:51+00:00\",\"mainEntityOfPage\":{\"@id\":\"https:\\\/\\\/www.safram.com\\\/de\\\/zum-50-firmenjubilaeum-steht-safram-auf-dem-hoechsten-niveau-des-europaeischen-segelsports\\\/\"},\"wordCount\":241,\"commentCount\":0,\"publisher\":{\"@id\":\"https:\\\/\\\/www.safram.com\\\/de\\\/#organization\"},\"image\":{\"@id\":\"https:\\\/\\\/www.safram.com\\\/de\\\/zum-50-firmenjubilaeum-steht-safram-auf-dem-hoechsten-niveau-des-europaeischen-segelsports\\\/#primaryimage\"},\"thumbnailUrl\":\"https:\\\/\\\/www.safram.com\\\/wp-content\\\/uploads\\\/2019\\\/12\\\/SAFRAM-au-plus-haut-niveau-de-la-voile-europeenne-1.jpg\",\"keywords\":[\"europ\u00e4ischen Segelsports\"],\"articleSection\":[\"Verschiedenes\"],\"inLanguage\":\"de\"},{\"@type\":\"WebPage\",\"@id\":\"https:\\\/\\\/www.safram.com\\\/de\\\/zum-50-firmenjubilaeum-steht-safram-auf-dem-hoechsten-niveau-des-europaeischen-segelsports\\\/\",\"url\":\"https:\\\/\\\/www.safram.com\\\/de\\\/zum-50-firmenjubilaeum-steht-safram-auf-dem-hoechsten-niveau-des-europaeischen-segelsports\\\/\",\"name\":\"Zum 50. Firmenjubil\u00e4um steht Safram auf dem h\u00f6chsten Niveau des europ\u00e4ischen Segelsports ! - Safram\",\"isPartOf\":{\"@id\":\"https:\\\/\\\/www.safram.com\\\/de\\\/#website\"},\"primaryImageOfPage\":{\"@id\":\"https:\\\/\\\/www.safram.com\\\/de\\\/zum-50-firmenjubilaeum-steht-safram-auf-dem-hoechsten-niveau-des-europaeischen-segelsports\\\/#primaryimage\"},\"image\":{\"@id\":\"https:\\\/\\\/www.safram.com\\\/de\\\/zum-50-firmenjubilaeum-steht-safram-auf-dem-hoechsten-niveau-des-europaeischen-segelsports\\\/#primaryimage\"},\"thumbnailUrl\":\"https:\\\/\\\/www.safram.com\\\/wp-content\\\/uploads\\\/2019\\\/12\\\/SAFRAM-au-plus-haut-niveau-de-la-voile-europeenne-1.jpg\",\"datePublished\":\"2015-06-14T22:00:00+00:00\",\"dateModified\":\"2019-12-11T16:39:51+00:00\",\"breadcrumb\":{\"@id\":\"https:\\\/\\\/www.safram.com\\\/de\\\/zum-50-firmenjubilaeum-steht-safram-auf-dem-hoechsten-niveau-des-europaeischen-segelsports\\\/#breadcrumb\"},\"inLanguage\":\"de\",\"potentialAction\":[{\"@type\":\"ReadAction\",\"target\":[\"https:\\\/\\\/www.safram.com\\\/de\\\/zum-50-firmenjubilaeum-steht-safram-auf-dem-hoechsten-niveau-des-europaeischen-segelsports\\\/\"]}]},{\"@type\":\"ImageObject\",\"inLanguage\":\"de\",\"@id\":\"https:\\\/\\\/www.safram.com\\\/de\\\/zum-50-firmenjubilaeum-steht-safram-auf-dem-hoechsten-niveau-des-europaeischen-segelsports\\\/#primaryimage\",\"url\":\"https:\\\/\\\/www.safram.com\\\/wp-content\\\/uploads\\\/2019\\\/12\\\/SAFRAM-au-plus-haut-niveau-de-la-voile-europeenne-1.jpg\",\"contentUrl\":\"https:\\\/\\\/www.safram.com\\\/wp-content\\\/uploads\\\/2019\\\/12\\\/SAFRAM-au-plus-haut-niveau-de-la-voile-europeenne-1.jpg\",\"width\":1000,\"height\":667,\"caption\":\"Safram voile\"},{\"@type\":\"BreadcrumbList\",\"@id\":\"https:\\\/\\\/www.safram.com\\\/de\\\/zum-50-firmenjubilaeum-steht-safram-auf-dem-hoechsten-niveau-des-europaeischen-segelsports\\\/#breadcrumb\",\"itemListElement\":[{\"@type\":\"ListItem\",\"position\":1,\"name\":\"Accueil\",\"item\":\"https:\\\/\\\/www.safram.com\\\/de\\\/\"},{\"@type\":\"ListItem\",\"position\":2,\"name\":\"Zum 50. Firmenjubil\u00e4um steht Safram auf dem h\u00f6chsten Niveau des europ\u00e4ischen Segelsports !\"}]},{\"@type\":\"WebSite\",\"@id\":\"https:\\\/\\\/www.safram.com\\\/de\\\/#website\",\"url\":\"https:\\\/\\\/www.safram.com\\\/de\\\/\",\"name\":\"Safram\",\"description\":\"Transporteur au coeur de l&#039;Europe\",\"publisher\":{\"@id\":\"https:\\\/\\\/www.safram.com\\\/de\\\/#organization\"},\"potentialAction\":[{\"@type\":\"SearchAction\",\"target\":{\"@type\":\"EntryPoint\",\"urlTemplate\":\"https:\\\/\\\/www.safram.com\\\/de\\\/?s={search_term_string}\"},\"query-input\":{\"@type\":\"PropertyValueSpecification\",\"valueRequired\":true,\"valueName\":\"search_term_string\"}}],\"inLanguage\":\"de\"},{\"@type\":\"Organization\",\"@id\":\"https:\\\/\\\/www.safram.com\\\/de\\\/#organization\",\"name\":\"Safram\",\"url\":\"https:\\\/\\\/www.safram.com\\\/de\\\/\",\"logo\":{\"@type\":\"ImageObject\",\"inLanguage\":\"de\",\"@id\":\"https:\\\/\\\/www.safram.com\\\/de\\\/#\\\/schema\\\/logo\\\/image\\\/\",\"url\":\"https:\\\/\\\/www-test.safram.com\\\/wp-content\\\/uploads\\\/2019\\\/12\\\/SAFRAM-LOGO.jpg\",\"contentUrl\":\"https:\\\/\\\/www-test.safram.com\\\/wp-content\\\/uploads\\\/2019\\\/12\\\/SAFRAM-LOGO.jpg\",\"width\":567,\"height\":422,\"caption\":\"Safram\"},\"image\":{\"@id\":\"https:\\\/\\\/www.safram.com\\\/de\\\/#\\\/schema\\\/logo\\\/image\\\/\"},\"sameAs\":[\"https:\\\/\\\/www.facebook.com\\\/SaframFrance\"]},{\"@type\":\"Person\",\"@id\":\"https:\\\/\\\/www.safram.com\\\/de\\\/#\\\/schema\\\/person\\\/5d3385f3956391d02bb98501605b1e39\",\"name\":\"symediane\",\"image\":{\"@type\":\"ImageObject\",\"inLanguage\":\"de\",\"@id\":\"https:\\\/\\\/secure.gravatar.com\\\/avatar\\\/aefaa550902b15b2c9beefb2a61934066e2a80665a770df239dcf4ea3547192c?s=96&d=mm&r=g\",\"url\":\"https:\\\/\\\/secure.gravatar.com\\\/avatar\\\/aefaa550902b15b2c9beefb2a61934066e2a80665a770df239dcf4ea3547192c?s=96&d=mm&r=g\",\"contentUrl\":\"https:\\\/\\\/secure.gravatar.com\\\/avatar\\\/aefaa550902b15b2c9beefb2a61934066e2a80665a770df239dcf4ea3547192c?s=96&d=mm&r=g\",\"caption\":\"symediane\"}}]}<\/script>\n<!-- \/ Yoast SEO plugin. -->","yoast_head_json":{"title":"Zum 50. Firmenjubil\u00e4um steht Safram auf dem h\u00f6chsten Niveau des europ\u00e4ischen Segelsports ! - Safram","robots":{"index":"index","follow":"follow","max-snippet":"max-snippet:-1","max-image-preview":"max-image-preview:large","max-video-preview":"max-video-preview:-1"},"canonical":"https:\/\/www.safram.com\/de\/zum-50-firmenjubilaeum-steht-safram-auf-dem-hoechsten-niveau-des-europaeischen-segelsports\/","og_locale":"de_DE","og_type":"article","og_title":"Zum 50. Firmenjubil\u00e4um steht Safram auf dem h\u00f6chsten Niveau des europ\u00e4ischen Segelsports ! - Safram","og_description":"Safram schickt in dieses neue Grossprojekt seinen Katamaran Ventilo M1, ein Mehrrumpfboot, unter dem Taufnamen Safram (SUI 50) auf den renommiertesten Regatten auf Langstrecke in Europa [\u2026]","og_url":"https:\/\/www.safram.com\/de\/zum-50-firmenjubilaeum-steht-safram-auf-dem-hoechsten-niveau-des-europaeischen-segelsports\/","og_site_name":"Safram","article_publisher":"https:\/\/www.facebook.com\/SaframFrance","article_published_time":"2015-06-14T22:00:00+00:00","article_modified_time":"2019-12-11T16:39:51+00:00","og_image":[{"width":1000,"height":667,"url":"https:\/\/www.safram.com\/wp-content\/uploads\/2019\/12\/SAFRAM-au-plus-haut-niveau-de-la-voile-europeenne-1.jpg","type":"image\/jpeg"}],"author":"symediane","twitter_card":"summary_large_image","twitter_misc":{"Verfasst von":"symediane","Gesch\u00e4tzte Lesezeit":"1\u00a0Minute"},"schema":{"@context":"https:\/\/schema.org","@graph":[{"@type":"Article","@id":"https:\/\/www.safram.com\/de\/zum-50-firmenjubilaeum-steht-safram-auf-dem-hoechsten-niveau-des-europaeischen-segelsports\/#article","isPartOf":{"@id":"https:\/\/www.safram.com\/de\/zum-50-firmenjubilaeum-steht-safram-auf-dem-hoechsten-niveau-des-europaeischen-segelsports\/"},"author":{"name":"symediane","@id":"https:\/\/www.safram.com\/de\/#\/schema\/person\/5d3385f3956391d02bb98501605b1e39"},"headline":"Zum 50. Firmenjubil\u00e4um steht Safram auf dem h\u00f6chsten Niveau des europ\u00e4ischen Segelsports !","datePublished":"2015-06-14T22:00:00+00:00","dateModified":"2019-12-11T16:39:51+00:00","mainEntityOfPage":{"@id":"https:\/\/www.safram.com\/de\/zum-50-firmenjubilaeum-steht-safram-auf-dem-hoechsten-niveau-des-europaeischen-segelsports\/"},"wordCount":241,"commentCount":0,"publisher":{"@id":"https:\/\/www.safram.com\/de\/#organization"},"image":{"@id":"https:\/\/www.safram.com\/de\/zum-50-firmenjubilaeum-steht-safram-auf-dem-hoechsten-niveau-des-europaeischen-segelsports\/#primaryimage"},"thumbnailUrl":"https:\/\/www.safram.com\/wp-content\/uploads\/2019\/12\/SAFRAM-au-plus-haut-niveau-de-la-voile-europeenne-1.jpg","keywords":["europ\u00e4ischen Segelsports"],"articleSection":["Verschiedenes"],"inLanguage":"de"},{"@type":"WebPage","@id":"https:\/\/www.safram.com\/de\/zum-50-firmenjubilaeum-steht-safram-auf-dem-hoechsten-niveau-des-europaeischen-segelsports\/","url":"https:\/\/www.safram.com\/de\/zum-50-firmenjubilaeum-steht-safram-auf-dem-hoechsten-niveau-des-europaeischen-segelsports\/","name":"Zum 50. Firmenjubil\u00e4um steht Safram auf dem h\u00f6chsten Niveau des europ\u00e4ischen Segelsports ! - Safram","isPartOf":{"@id":"https:\/\/www.safram.com\/de\/#website"},"primaryImageOfPage":{"@id":"https:\/\/www.safram.com\/de\/zum-50-firmenjubilaeum-steht-safram-auf-dem-hoechsten-niveau-des-europaeischen-segelsports\/#primaryimage"},"image":{"@id":"https:\/\/www.safram.com\/de\/zum-50-firmenjubilaeum-steht-safram-auf-dem-hoechsten-niveau-des-europaeischen-segelsports\/#primaryimage"},"thumbnailUrl":"https:\/\/www.safram.com\/wp-content\/uploads\/2019\/12\/SAFRAM-au-plus-haut-niveau-de-la-voile-europeenne-1.jpg","datePublished":"2015-06-14T22:00:00+00:00","dateModified":"2019-12-11T16:39:51+00:00","breadcrumb":{"@id":"https:\/\/www.safram.com\/de\/zum-50-firmenjubilaeum-steht-safram-auf-dem-hoechsten-niveau-des-europaeischen-segelsports\/#breadcrumb"},"inLanguage":"de","potentialAction":[{"@type":"ReadAction","target":["https:\/\/www.safram.com\/de\/zum-50-firmenjubilaeum-steht-safram-auf-dem-hoechsten-niveau-des-europaeischen-segelsports\/"]}]},{"@type":"ImageObject","inLanguage":"de","@id":"https:\/\/www.safram.com\/de\/zum-50-firmenjubilaeum-steht-safram-auf-dem-hoechsten-niveau-des-europaeischen-segelsports\/#primaryimage","url":"https:\/\/www.safram.com\/wp-content\/uploads\/2019\/12\/SAFRAM-au-plus-haut-niveau-de-la-voile-europeenne-1.jpg","contentUrl":"https:\/\/www.safram.com\/wp-content\/uploads\/2019\/12\/SAFRAM-au-plus-haut-niveau-de-la-voile-europeenne-1.jpg","width":1000,"height":667,"caption":"Safram voile"},{"@type":"BreadcrumbList","@id":"https:\/\/www.safram.com\/de\/zum-50-firmenjubilaeum-steht-safram-auf-dem-hoechsten-niveau-des-europaeischen-segelsports\/#breadcrumb","itemListElement":[{"@type":"ListItem","position":1,"name":"Accueil","item":"https:\/\/www.safram.com\/de\/"},{"@type":"ListItem","position":2,"name":"Zum 50. Firmenjubil\u00e4um steht Safram auf dem h\u00f6chsten Niveau des europ\u00e4ischen Segelsports !"}]},{"@type":"WebSite","@id":"https:\/\/www.safram.com\/de\/#website","url":"https:\/\/www.safram.com\/de\/","name":"Safram","description":"Transporteur au coeur de l&#039;Europe","publisher":{"@id":"https:\/\/www.safram.com\/de\/#organization"},"potentialAction":[{"@type":"SearchAction","target":{"@type":"EntryPoint","urlTemplate":"https:\/\/www.safram.com\/de\/?s={search_term_string}"},"query-input":{"@type":"PropertyValueSpecification","valueRequired":true,"valueName":"search_term_string"}}],"inLanguage":"de"},{"@type":"Organization","@id":"https:\/\/www.safram.com\/de\/#organization","name":"Safram","url":"https:\/\/www.safram.com\/de\/","logo":{"@type":"ImageObject","inLanguage":"de","@id":"https:\/\/www.safram.com\/de\/#\/schema\/logo\/image\/","url":"https:\/\/www-test.safram.com\/wp-content\/uploads\/2019\/12\/SAFRAM-LOGO.jpg","contentUrl":"https:\/\/www-test.safram.com\/wp-content\/uploads\/2019\/12\/SAFRAM-LOGO.jpg","width":567,"height":422,"caption":"Safram"},"image":{"@id":"https:\/\/www.safram.com\/de\/#\/schema\/logo\/image\/"},"sameAs":["https:\/\/www.facebook.com\/SaframFrance"]},{"@type":"Person","@id":"https:\/\/www.safram.com\/de\/#\/schema\/person\/5d3385f3956391d02bb98501605b1e39","name":"symediane","image":{"@type":"ImageObject","inLanguage":"de","@id":"https:\/\/secure.gravatar.com\/avatar\/aefaa550902b15b2c9beefb2a61934066e2a80665a770df239dcf4ea3547192c?s=96&d=mm&r=g","url":"https:\/\/secure.gravatar.com\/avatar\/aefaa550902b15b2c9beefb2a61934066e2a80665a770df239dcf4ea3547192c?s=96&d=mm&r=g","contentUrl":"https:\/\/secure.gravatar.com\/avatar\/aefaa550902b15b2c9beefb2a61934066e2a80665a770df239dcf4ea3547192c?s=96&d=mm&r=g","caption":"symediane"}}]}},"_links":{"self":[{"href":"https:\/\/www.safram.com\/de\/wp-json\/wp\/v2\/posts\/3695","targetHints":{"allow":["GET"]}}],"collection":[{"href":"https:\/\/www.safram.com\/de\/wp-json\/wp\/v2\/posts"}],"about":[{"href":"https:\/\/www.safram.com\/de\/wp-json\/wp\/v2\/types\/post"}],"author":[{"embeddable":true,"href":"https:\/\/www.safram.com\/de\/wp-json\/wp\/v2\/users\/1"}],"replies":[{"embeddable":true,"href":"https:\/\/www.safram.com\/de\/wp-json\/wp\/v2\/comments?post=3695"}],"version-history":[{"count":0,"href":"https:\/\/www.safram.com\/de\/wp-json\/wp\/v2\/posts\/3695\/revisions"}],"wp:featuredmedia":[{"embeddable":true,"href":"https:\/\/www.safram.com\/de\/wp-json\/wp\/v2\/media\/2305"}],"wp:attachment":[{"href":"https:\/\/www.safram.com\/de\/wp-json\/wp\/v2\/media?parent=3695"}],"wp:term":[{"taxonomy":"category","embeddable":true,"href":"https:\/\/www.safram.com\/de\/wp-json\/wp\/v2\/categories?post=3695"},{"taxonomy":"post_tag","embeddable":true,"href":"https:\/\/www.safram.com\/de\/wp-json\/wp\/v2\/tags?post=3695"}],"curies":[{"name":"wp","href":"https:\/\/api.w.org\/{rel}","templated":true}]}}