{"id":3699,"date":"2015-09-07T00:00:00","date_gmt":"2015-09-06T22:00:00","guid":{"rendered":"http:\/\/www.safram.com\/?p=3699"},"modified":"2019-12-11T17:39:50","modified_gmt":"2019-12-11T16:39:50","slug":"safram-gewinnt-die-regatta-centomiglia-auf-dem-gardasee","status":"publish","type":"post","link":"https:\/\/www.safram.com\/de\/safram-gewinnt-die-regatta-centomiglia-auf-dem-gardasee\/","title":{"rendered":"Safram gewinnt die Regatta Centomiglia auf dem Gardasee"},"content":{"rendered":"<p><strong>Das Schweizer Segelteam Safram gewinnt die italienische Regatta Centomiglia auf dem Gardasee. Das legend\u00e4re Rennen ist der kr\u00f6nende Abschluss des, von Sponsor Safram unterst\u00fctzten und, von Rodolphe Gautier initiierten Projekts, welches zum Ziel hatte, den Schweizer Segelsport in dieser Saison im Ausland bekannter zu machen. Das Team hat vier von f\u00fcnf Regatten in diesem Jahr gewonnen.<\/strong><\/p>\n<p><strong>Gargnano, Gardasee (ITA), den 6. September 2015<\/strong> \u2013 Der Katamaran Safram gewinnt die Centomiglia, die gr\u00f6sste Binnenseeregatta Italiens, zu deren Start sich am Samstag, 5. September 120 Boote eingefunden hatten. Die Ventilo M1 um Skipper Rodolphe Gautier und Steuermann Christophe Peclard setzte sich, nach der Trofeo Gorla am vergangenen Wochenende, zum zweiten Mal siegreich durch. Ein letzter fantastischer Sieg also, der zugleich das Saisonende f\u00fcr das Schweizer Team bedeutet.<\/p>\n<p>Die Centomiglia ist die mythische Regatta auf dem Gardasee, vergleichbar mit der Bol d\u2019Or Mirabaud auf dem Genfersee. Der Startschuss f\u00fcr Safram und die anderen Mehrrumpfboote erfolgte p\u00fcnktlich um 9:00, 30 Minuten nach dem Start der Einrumpfboote. Die Teilnehmer starteten in Bogliaco, im Osten des Sees, bevor es nach Norden in Richtung Torbole ging, welches zwischen den Bergen eingebettet liegt und die windreichste Region ist. Die lange Rennstrecke von 72 Seemeilen (116km) f\u00fchrte die Mehrrumpfboote dann nach S\u00fcden bis zur Ziellinie vor dem Segelclub Circolo Vela Gargnano um 15:30. Es war eine anspruchsvolle Regatta unter Starkwindbedingungen, im Vergleich dazu erstreckt sich die Bol d\u2019Or auf dem Genfersee \u00fcber eine theoretische Distanz von 123 Kilometern.<\/p>\n<p>\u00abMit diesem neuerlichen Sieg feiern wir ein sehr gelungenes Saisonende\u00bb, freut sich Skipper Rodolphe Gautier. \u00abDas Boot ist bei allen Windbedingungen gut gelaufen, wie wir hier anl\u00e4sslich der windreichen Centomiglia erfreut feststellen konnten. Wir hatten an beiden Wochenenden Winde von 15 bis 25 Knoten und ausgepr\u00e4gten Wellengang: ein sch\u00f6nes Erlebnis!\u00bb<br \/>\n\u00abEs war eine grossartige Regatta, der Gardasee ist seinem Ruf als Starkwindsee perfekt gerecht geworden, wir hatten w\u00e4hrend des gesamten Rennens perfekten Wind\u00bb, erz\u00e4hlt Steuermann Christophe Peclard. \u00abDas Team ist toll gesegelt, ich hatte w\u00e4hrend der gesamten Saison viel Spass!\u00bb<\/p>\n<p>Diese Regatta war die f\u00fcnfte und letzte in dieser Saison und bedeutet auch das Ende des von Rodolphe Gautier initiierten Projekts, welches grossz\u00fcgig vom schweizerisch-europ\u00e4ischen Transportunternehmen Safram gesponsert worden war. Das Ziel des Teams, den Schweizer Segelsport und insbesondere die Regatta Bol d\u2019Or Mirabaud im Ausland bekannter zu machen, ist voll und ganz erreicht worden. Mit vier Siegen anl\u00e4sslich der Regatten Genf-Rolle-Genf (Genfersee, Schweiz), Blaues Band (Plattensee, Ungarn), Trofeo Gorla und Centomiglia (Gardasee, Italien), sowie einem exzellenten zehnten Platz anl\u00e4sslich der Bol d\u2019Or Mirabaud auf dem Genfersee, hat das Team die Schweiz und die Soci\u00e9t\u00e9 Nautique de Gen\u00e8ve im Ausland w\u00fcrdig vertreten.<\/p>\n<p><span style=\"font-family: Arial;\">Fotos, Videos und letzte Neuigkeiten zum Team Safram sind auf\u00a0<a href=\"http:\/\/mailing2.allinone.io\/maxcomm\/l\/zwzWL57dsKG4RDTIsG564g\/oEsVcKDx0UGIjmVBRY892wcA\/MiZIEhzxkqY8B59LMucJSw\">Facebook<\/a>\u00a0erh\u00e4ltlich<\/span><\/p>\n<p><span style=\"font-family: Arial;\">Ausf\u00fchrliche Resultate und erg\u00e4nzende Informationen sind auf der <a href=\"http:\/\/mailing2.allinone.io\/maxcomm\/l\/zwzWL57dsKG4RDTIsG564g\/7C0HKic6Vbf3zu6puZfaEg\/MiZIEhzxkqY8B59LMucJSw\">Homepage des Regatta<\/a><\/span>Veranstalters erh\u00e4ltlich<\/p>\n<p>&nbsp;<\/p>\n<p><a href=\"https:\/\/saframnews.test\/wp-content\/uploads\/2015\/09\/CENTO_0472.jpg\"><img loading=\"lazy\" decoding=\"async\" class=\"aligncenter wp-image-1367\" style=\"width: 100%; height: auto;\" src=\"https:\/\/saframnews.test\/wp-content\/uploads\/2015\/09\/CENTO_0472-681x1024.jpg\" alt=\"CENTO_0472Safram remporte la Centomiglia\" width=\"620\" height=\"932\" \/><\/a><\/p>\n<p><a href=\"https:\/\/saframnews.test\/wp-content\/uploads\/2015\/09\/IMG_1826.jpg\"><img loading=\"lazy\" decoding=\"async\" class=\"aligncenter wp-image-1369 size-medium\" style=\"width: 100%; height: auto;\" src=\"https:\/\/saframnews.test\/wp-content\/uploads\/2015\/09\/IMG_1826-620x465.jpg\" alt=\"Safram remporte la Centomiglia\" width=\"620\" height=\"465\" \/><\/a><\/p>\n<h2>Das Team Safram anl\u00e4sslich der Centomiglia:<\/h2>\n<p>Christophe Peclard &#8211; Steuermann<br \/>\nFabian Racloz<br \/>\nAntoine Lauriot Pr\u00e9vost<br \/>\nFabien Froesch<br \/>\nYves Guntern<br \/>\nRodolphe Gautier &#8211; Skipper<\/p>\n<p><strong>Photos<\/strong> : Roberto Veronesi<\/p>\n","protected":false},"excerpt":{"rendered":"<p>Das Schweizer Segelteam Safram gewinnt die italienische Regatta Centomiglia auf dem Gardasee. Das legend\u00e4re Rennen ist der kr\u00f6nende Abschluss des, von Sponsor Safram unterst\u00fctzten und, von<span class=\"excerpt-hellip\"> [\u2026]<\/span><\/p>\n","protected":false},"author":1,"featured_media":1130,"comment_status":"open","ping_status":"open","sticky":false,"template":"","format":"standard","meta":{"_acf_changed":false,"footnotes":""},"categories":[92],"tags":[],"class_list":["post-3699","post","type-post","status-publish","format-standard","has-post-thumbnail","hentry","category-press-corner-de"],"acf":[],"yoast_head":"<!-- This site is optimized with the Yoast SEO plugin v27.3 - https:\/\/yoast.com\/product\/yoast-seo-wordpress\/ -->\n<title>Safram gewinnt die Regatta Centomiglia auf dem Gardasee - Safram<\/title>\n<meta name=\"robots\" content=\"index, follow, max-snippet:-1, max-image-preview:large, max-video-preview:-1\" \/>\n<link rel=\"canonical\" href=\"https:\/\/www.safram.com\/de\/safram-gewinnt-die-regatta-centomiglia-auf-dem-gardasee\/\" \/>\n<meta property=\"og:locale\" content=\"de_DE\" \/>\n<meta property=\"og:type\" content=\"article\" \/>\n<meta property=\"og:title\" content=\"Safram gewinnt die Regatta Centomiglia auf dem Gardasee - Safram\" \/>\n<meta property=\"og:description\" content=\"Das Schweizer Segelteam Safram gewinnt die italienische Regatta Centomiglia auf dem Gardasee. Das legend\u00e4re Rennen ist der kr\u00f6nende Abschluss des, von Sponsor Safram unterst\u00fctzten und, von [\u2026]\" \/>\n<meta property=\"og:url\" content=\"https:\/\/www.safram.com\/de\/safram-gewinnt-die-regatta-centomiglia-auf-dem-gardasee\/\" \/>\n<meta property=\"og:site_name\" content=\"Safram\" \/>\n<meta property=\"article:publisher\" content=\"https:\/\/www.facebook.com\/SaframFrance\" \/>\n<meta property=\"article:published_time\" content=\"2015-09-06T22:00:00+00:00\" \/>\n<meta property=\"article:modified_time\" content=\"2019-12-11T16:39:50+00:00\" \/>\n<meta property=\"og:image\" content=\"https:\/\/www.safram.com\/wp-content\/uploads\/2019\/12\/CENTO_1449.jpg\" \/>\n\t<meta property=\"og:image:width\" content=\"1000\" \/>\n\t<meta property=\"og:image:height\" content=\"665\" \/>\n\t<meta property=\"og:image:type\" content=\"image\/jpeg\" \/>\n<meta name=\"author\" content=\"symediane\" \/>\n<meta name=\"twitter:card\" content=\"summary_large_image\" \/>\n<meta name=\"twitter:label1\" content=\"Verfasst von\" \/>\n\t<meta name=\"twitter:data1\" content=\"symediane\" \/>\n\t<meta name=\"twitter:label2\" content=\"Gesch\u00e4tzte Lesezeit\" \/>\n\t<meta name=\"twitter:data2\" content=\"3\u00a0Minuten\" \/>\n<script type=\"application\/ld+json\" class=\"yoast-schema-graph\">{\"@context\":\"https:\\\/\\\/schema.org\",\"@graph\":[{\"@type\":\"Article\",\"@id\":\"https:\\\/\\\/www.safram.com\\\/de\\\/safram-gewinnt-die-regatta-centomiglia-auf-dem-gardasee\\\/#article\",\"isPartOf\":{\"@id\":\"https:\\\/\\\/www.safram.com\\\/de\\\/safram-gewinnt-die-regatta-centomiglia-auf-dem-gardasee\\\/\"},\"author\":{\"name\":\"symediane\",\"@id\":\"https:\\\/\\\/www.safram.com\\\/de\\\/#\\\/schema\\\/person\\\/5d3385f3956391d02bb98501605b1e39\"},\"headline\":\"Safram gewinnt die Regatta Centomiglia auf dem Gardasee\",\"datePublished\":\"2015-09-06T22:00:00+00:00\",\"dateModified\":\"2019-12-11T16:39:50+00:00\",\"mainEntityOfPage\":{\"@id\":\"https:\\\/\\\/www.safram.com\\\/de\\\/safram-gewinnt-die-regatta-centomiglia-auf-dem-gardasee\\\/\"},\"wordCount\":513,\"commentCount\":0,\"publisher\":{\"@id\":\"https:\\\/\\\/www.safram.com\\\/de\\\/#organization\"},\"image\":{\"@id\":\"https:\\\/\\\/www.safram.com\\\/de\\\/safram-gewinnt-die-regatta-centomiglia-auf-dem-gardasee\\\/#primaryimage\"},\"thumbnailUrl\":\"https:\\\/\\\/www.safram.com\\\/wp-content\\\/uploads\\\/2019\\\/12\\\/CENTO_1449.jpg\",\"articleSection\":[\"Press corner\"],\"inLanguage\":\"de\"},{\"@type\":\"WebPage\",\"@id\":\"https:\\\/\\\/www.safram.com\\\/de\\\/safram-gewinnt-die-regatta-centomiglia-auf-dem-gardasee\\\/\",\"url\":\"https:\\\/\\\/www.safram.com\\\/de\\\/safram-gewinnt-die-regatta-centomiglia-auf-dem-gardasee\\\/\",\"name\":\"Safram gewinnt die Regatta Centomiglia auf dem Gardasee - Safram\",\"isPartOf\":{\"@id\":\"https:\\\/\\\/www.safram.com\\\/de\\\/#website\"},\"primaryImageOfPage\":{\"@id\":\"https:\\\/\\\/www.safram.com\\\/de\\\/safram-gewinnt-die-regatta-centomiglia-auf-dem-gardasee\\\/#primaryimage\"},\"image\":{\"@id\":\"https:\\\/\\\/www.safram.com\\\/de\\\/safram-gewinnt-die-regatta-centomiglia-auf-dem-gardasee\\\/#primaryimage\"},\"thumbnailUrl\":\"https:\\\/\\\/www.safram.com\\\/wp-content\\\/uploads\\\/2019\\\/12\\\/CENTO_1449.jpg\",\"datePublished\":\"2015-09-06T22:00:00+00:00\",\"dateModified\":\"2019-12-11T16:39:50+00:00\",\"breadcrumb\":{\"@id\":\"https:\\\/\\\/www.safram.com\\\/de\\\/safram-gewinnt-die-regatta-centomiglia-auf-dem-gardasee\\\/#breadcrumb\"},\"inLanguage\":\"de\",\"potentialAction\":[{\"@type\":\"ReadAction\",\"target\":[\"https:\\\/\\\/www.safram.com\\\/de\\\/safram-gewinnt-die-regatta-centomiglia-auf-dem-gardasee\\\/\"]}]},{\"@type\":\"ImageObject\",\"inLanguage\":\"de\",\"@id\":\"https:\\\/\\\/www.safram.com\\\/de\\\/safram-gewinnt-die-regatta-centomiglia-auf-dem-gardasee\\\/#primaryimage\",\"url\":\"https:\\\/\\\/www.safram.com\\\/wp-content\\\/uploads\\\/2019\\\/12\\\/CENTO_1449.jpg\",\"contentUrl\":\"https:\\\/\\\/www.safram.com\\\/wp-content\\\/uploads\\\/2019\\\/12\\\/CENTO_1449.jpg\",\"width\":1000,\"height\":665},{\"@type\":\"BreadcrumbList\",\"@id\":\"https:\\\/\\\/www.safram.com\\\/de\\\/safram-gewinnt-die-regatta-centomiglia-auf-dem-gardasee\\\/#breadcrumb\",\"itemListElement\":[{\"@type\":\"ListItem\",\"position\":1,\"name\":\"Accueil\",\"item\":\"https:\\\/\\\/www.safram.com\\\/de\\\/\"},{\"@type\":\"ListItem\",\"position\":2,\"name\":\"Safram gewinnt die Regatta Centomiglia auf dem Gardasee\"}]},{\"@type\":\"WebSite\",\"@id\":\"https:\\\/\\\/www.safram.com\\\/de\\\/#website\",\"url\":\"https:\\\/\\\/www.safram.com\\\/de\\\/\",\"name\":\"Safram\",\"description\":\"Transporteur au coeur de l&#039;Europe\",\"publisher\":{\"@id\":\"https:\\\/\\\/www.safram.com\\\/de\\\/#organization\"},\"potentialAction\":[{\"@type\":\"SearchAction\",\"target\":{\"@type\":\"EntryPoint\",\"urlTemplate\":\"https:\\\/\\\/www.safram.com\\\/de\\\/?s={search_term_string}\"},\"query-input\":{\"@type\":\"PropertyValueSpecification\",\"valueRequired\":true,\"valueName\":\"search_term_string\"}}],\"inLanguage\":\"de\"},{\"@type\":\"Organization\",\"@id\":\"https:\\\/\\\/www.safram.com\\\/de\\\/#organization\",\"name\":\"Safram\",\"url\":\"https:\\\/\\\/www.safram.com\\\/de\\\/\",\"logo\":{\"@type\":\"ImageObject\",\"inLanguage\":\"de\",\"@id\":\"https:\\\/\\\/www.safram.com\\\/de\\\/#\\\/schema\\\/logo\\\/image\\\/\",\"url\":\"https:\\\/\\\/www-test.safram.com\\\/wp-content\\\/uploads\\\/2019\\\/12\\\/SAFRAM-LOGO.jpg\",\"contentUrl\":\"https:\\\/\\\/www-test.safram.com\\\/wp-content\\\/uploads\\\/2019\\\/12\\\/SAFRAM-LOGO.jpg\",\"width\":567,\"height\":422,\"caption\":\"Safram\"},\"image\":{\"@id\":\"https:\\\/\\\/www.safram.com\\\/de\\\/#\\\/schema\\\/logo\\\/image\\\/\"},\"sameAs\":[\"https:\\\/\\\/www.facebook.com\\\/SaframFrance\"]},{\"@type\":\"Person\",\"@id\":\"https:\\\/\\\/www.safram.com\\\/de\\\/#\\\/schema\\\/person\\\/5d3385f3956391d02bb98501605b1e39\",\"name\":\"symediane\",\"image\":{\"@type\":\"ImageObject\",\"inLanguage\":\"de\",\"@id\":\"https:\\\/\\\/secure.gravatar.com\\\/avatar\\\/aefaa550902b15b2c9beefb2a61934066e2a80665a770df239dcf4ea3547192c?s=96&d=mm&r=g\",\"url\":\"https:\\\/\\\/secure.gravatar.com\\\/avatar\\\/aefaa550902b15b2c9beefb2a61934066e2a80665a770df239dcf4ea3547192c?s=96&d=mm&r=g\",\"contentUrl\":\"https:\\\/\\\/secure.gravatar.com\\\/avatar\\\/aefaa550902b15b2c9beefb2a61934066e2a80665a770df239dcf4ea3547192c?s=96&d=mm&r=g\",\"caption\":\"symediane\"}}]}<\/script>\n<!-- \/ Yoast SEO plugin. -->","yoast_head_json":{"title":"Safram gewinnt die Regatta Centomiglia auf dem Gardasee - Safram","robots":{"index":"index","follow":"follow","max-snippet":"max-snippet:-1","max-image-preview":"max-image-preview:large","max-video-preview":"max-video-preview:-1"},"canonical":"https:\/\/www.safram.com\/de\/safram-gewinnt-die-regatta-centomiglia-auf-dem-gardasee\/","og_locale":"de_DE","og_type":"article","og_title":"Safram gewinnt die Regatta Centomiglia auf dem Gardasee - Safram","og_description":"Das Schweizer Segelteam Safram gewinnt die italienische Regatta Centomiglia auf dem Gardasee. Das legend\u00e4re Rennen ist der kr\u00f6nende Abschluss des, von Sponsor Safram unterst\u00fctzten und, von [\u2026]","og_url":"https:\/\/www.safram.com\/de\/safram-gewinnt-die-regatta-centomiglia-auf-dem-gardasee\/","og_site_name":"Safram","article_publisher":"https:\/\/www.facebook.com\/SaframFrance","article_published_time":"2015-09-06T22:00:00+00:00","article_modified_time":"2019-12-11T16:39:50+00:00","og_image":[{"width":1000,"height":665,"url":"https:\/\/www.safram.com\/wp-content\/uploads\/2019\/12\/CENTO_1449.jpg","type":"image\/jpeg"}],"author":"symediane","twitter_card":"summary_large_image","twitter_misc":{"Verfasst von":"symediane","Gesch\u00e4tzte Lesezeit":"3\u00a0Minuten"},"schema":{"@context":"https:\/\/schema.org","@graph":[{"@type":"Article","@id":"https:\/\/www.safram.com\/de\/safram-gewinnt-die-regatta-centomiglia-auf-dem-gardasee\/#article","isPartOf":{"@id":"https:\/\/www.safram.com\/de\/safram-gewinnt-die-regatta-centomiglia-auf-dem-gardasee\/"},"author":{"name":"symediane","@id":"https:\/\/www.safram.com\/de\/#\/schema\/person\/5d3385f3956391d02bb98501605b1e39"},"headline":"Safram gewinnt die Regatta Centomiglia auf dem Gardasee","datePublished":"2015-09-06T22:00:00+00:00","dateModified":"2019-12-11T16:39:50+00:00","mainEntityOfPage":{"@id":"https:\/\/www.safram.com\/de\/safram-gewinnt-die-regatta-centomiglia-auf-dem-gardasee\/"},"wordCount":513,"commentCount":0,"publisher":{"@id":"https:\/\/www.safram.com\/de\/#organization"},"image":{"@id":"https:\/\/www.safram.com\/de\/safram-gewinnt-die-regatta-centomiglia-auf-dem-gardasee\/#primaryimage"},"thumbnailUrl":"https:\/\/www.safram.com\/wp-content\/uploads\/2019\/12\/CENTO_1449.jpg","articleSection":["Press corner"],"inLanguage":"de"},{"@type":"WebPage","@id":"https:\/\/www.safram.com\/de\/safram-gewinnt-die-regatta-centomiglia-auf-dem-gardasee\/","url":"https:\/\/www.safram.com\/de\/safram-gewinnt-die-regatta-centomiglia-auf-dem-gardasee\/","name":"Safram gewinnt die Regatta Centomiglia auf dem Gardasee - Safram","isPartOf":{"@id":"https:\/\/www.safram.com\/de\/#website"},"primaryImageOfPage":{"@id":"https:\/\/www.safram.com\/de\/safram-gewinnt-die-regatta-centomiglia-auf-dem-gardasee\/#primaryimage"},"image":{"@id":"https:\/\/www.safram.com\/de\/safram-gewinnt-die-regatta-centomiglia-auf-dem-gardasee\/#primaryimage"},"thumbnailUrl":"https:\/\/www.safram.com\/wp-content\/uploads\/2019\/12\/CENTO_1449.jpg","datePublished":"2015-09-06T22:00:00+00:00","dateModified":"2019-12-11T16:39:50+00:00","breadcrumb":{"@id":"https:\/\/www.safram.com\/de\/safram-gewinnt-die-regatta-centomiglia-auf-dem-gardasee\/#breadcrumb"},"inLanguage":"de","potentialAction":[{"@type":"ReadAction","target":["https:\/\/www.safram.com\/de\/safram-gewinnt-die-regatta-centomiglia-auf-dem-gardasee\/"]}]},{"@type":"ImageObject","inLanguage":"de","@id":"https:\/\/www.safram.com\/de\/safram-gewinnt-die-regatta-centomiglia-auf-dem-gardasee\/#primaryimage","url":"https:\/\/www.safram.com\/wp-content\/uploads\/2019\/12\/CENTO_1449.jpg","contentUrl":"https:\/\/www.safram.com\/wp-content\/uploads\/2019\/12\/CENTO_1449.jpg","width":1000,"height":665},{"@type":"BreadcrumbList","@id":"https:\/\/www.safram.com\/de\/safram-gewinnt-die-regatta-centomiglia-auf-dem-gardasee\/#breadcrumb","itemListElement":[{"@type":"ListItem","position":1,"name":"Accueil","item":"https:\/\/www.safram.com\/de\/"},{"@type":"ListItem","position":2,"name":"Safram gewinnt die Regatta Centomiglia auf dem Gardasee"}]},{"@type":"WebSite","@id":"https:\/\/www.safram.com\/de\/#website","url":"https:\/\/www.safram.com\/de\/","name":"Safram","description":"Transporteur au coeur de l&#039;Europe","publisher":{"@id":"https:\/\/www.safram.com\/de\/#organization"},"potentialAction":[{"@type":"SearchAction","target":{"@type":"EntryPoint","urlTemplate":"https:\/\/www.safram.com\/de\/?s={search_term_string}"},"query-input":{"@type":"PropertyValueSpecification","valueRequired":true,"valueName":"search_term_string"}}],"inLanguage":"de"},{"@type":"Organization","@id":"https:\/\/www.safram.com\/de\/#organization","name":"Safram","url":"https:\/\/www.safram.com\/de\/","logo":{"@type":"ImageObject","inLanguage":"de","@id":"https:\/\/www.safram.com\/de\/#\/schema\/logo\/image\/","url":"https:\/\/www-test.safram.com\/wp-content\/uploads\/2019\/12\/SAFRAM-LOGO.jpg","contentUrl":"https:\/\/www-test.safram.com\/wp-content\/uploads\/2019\/12\/SAFRAM-LOGO.jpg","width":567,"height":422,"caption":"Safram"},"image":{"@id":"https:\/\/www.safram.com\/de\/#\/schema\/logo\/image\/"},"sameAs":["https:\/\/www.facebook.com\/SaframFrance"]},{"@type":"Person","@id":"https:\/\/www.safram.com\/de\/#\/schema\/person\/5d3385f3956391d02bb98501605b1e39","name":"symediane","image":{"@type":"ImageObject","inLanguage":"de","@id":"https:\/\/secure.gravatar.com\/avatar\/aefaa550902b15b2c9beefb2a61934066e2a80665a770df239dcf4ea3547192c?s=96&d=mm&r=g","url":"https:\/\/secure.gravatar.com\/avatar\/aefaa550902b15b2c9beefb2a61934066e2a80665a770df239dcf4ea3547192c?s=96&d=mm&r=g","contentUrl":"https:\/\/secure.gravatar.com\/avatar\/aefaa550902b15b2c9beefb2a61934066e2a80665a770df239dcf4ea3547192c?s=96&d=mm&r=g","caption":"symediane"}}]}},"_links":{"self":[{"href":"https:\/\/www.safram.com\/de\/wp-json\/wp\/v2\/posts\/3699","targetHints":{"allow":["GET"]}}],"collection":[{"href":"https:\/\/www.safram.com\/de\/wp-json\/wp\/v2\/posts"}],"about":[{"href":"https:\/\/www.safram.com\/de\/wp-json\/wp\/v2\/types\/post"}],"author":[{"embeddable":true,"href":"https:\/\/www.safram.com\/de\/wp-json\/wp\/v2\/users\/1"}],"replies":[{"embeddable":true,"href":"https:\/\/www.safram.com\/de\/wp-json\/wp\/v2\/comments?post=3699"}],"version-history":[{"count":0,"href":"https:\/\/www.safram.com\/de\/wp-json\/wp\/v2\/posts\/3699\/revisions"}],"wp:featuredmedia":[{"embeddable":true,"href":"https:\/\/www.safram.com\/de\/wp-json\/wp\/v2\/media\/1130"}],"wp:attachment":[{"href":"https:\/\/www.safram.com\/de\/wp-json\/wp\/v2\/media?parent=3699"}],"wp:term":[{"taxonomy":"category","embeddable":true,"href":"https:\/\/www.safram.com\/de\/wp-json\/wp\/v2\/categories?post=3699"},{"taxonomy":"post_tag","embeddable":true,"href":"https:\/\/www.safram.com\/de\/wp-json\/wp\/v2\/tags?post=3699"}],"curies":[{"name":"wp","href":"https:\/\/api.w.org\/{rel}","templated":true}]}}